{"id":455,"date":"2019-09-12T03:15:45","date_gmt":"2019-09-12T03:15:45","guid":{"rendered":"https:\/\/sakti.nc\/?p=455"},"modified":"2019-09-12T03:15:45","modified_gmt":"2019-09-12T03:15:45","slug":"1-an-deja-2","status":"publish","type":"post","link":"https:\/\/www.sakti.nc\/?p=455","title":{"rendered":"1 an d\u00e9j\u00e0 !"},"content":{"rendered":"\n<p>En c\u00e9l\u00e9brant aujourd\u2019hui l\u2019anniversaire de l\u2019immatriculation de SAKTI NC au Registre du Commerce et des Soci\u00e9t\u00e9s, je pose un jalon dans l\u2019histoire de mon entreprise. Le jalon de ce pas, franchi en septembre 2018, qui a mat\u00e9rialis\u00e9 mon choix de devenir auto entrepreneuse.<\/p>\n\n\n\n<p>Tous les jalons sont importants dans la vie (d\u2019une entreprise comme d\u2019un individu). Je f\u00eaterais aussi l\u2019anniversaire de mon 1<sup>er<\/sup> client, ma 1<sup>\u00e8re<\/sup> facture, la mise en ligne de mon site web\u2026 C\u2019est important pour moi de ritualiser ces temps de passage, d\u2019un \u00e9tat \u00e0 un autre. <br>Je vous invite \u00e0 trouver vos jalons vous aussi\u2026<\/p>\n\n\n\n<p>Pour l\u2019anecdote, la date que j\u2019avais choisie pour mon immatriculation \u00e9tait celle du 12 septembre 2018. <br>M\u00eame si les m\u00e9andres de l\u2019administration me donnent une immatriculation effective au 13\/09\/18, ce 12 septembre fait le lien entre mon histoire professionnelle et mon histoire personnelle car ce jour est celui de la St Apollinaire (mon mari comprendra&nbsp;!). <\/p>\n\n\n\n<p>C\u2019est comme un enfant qui serait n\u00e9 en ce neuvi\u00e8me mois de l\u2019ann\u00e9e 2018\napr\u00e8s une remise en question souvent difficile, parfois trop lente \u00e0 mon go\u00fbt\net qui porte aujourd\u2019hui tous ses fruits en termes d\u2019\u00e9panouissement autant\nprofessionnel que personnel.<\/p>\n\n\n\n<p>Donc Joyeux Anniversaire SAKTI NC et longue vie&nbsp;!<\/p>\n","protected":false},"excerpt":{"rendered":"<p>En c\u00e9l\u00e9brant aujourd\u2019hui l\u2019anniversaire de l\u2019immatriculation de SAKTI NC au Registre du Commerce et des Soci\u00e9t\u00e9s, je pose un jalon dans l\u2019histoire de mon entreprise. Le jalon de ce pas, franchi en septembre 2018, qui a mat\u00e9rialis\u00e9 mon choix de devenir auto entrepreneuse. Tous les jalons sont importants dans la vie (d\u2019une entreprise comme d\u2019un [&#8230;]\n","protected":false},"author":1,"featured_media":450,"comment_status":"open","ping_status":"open","sticky":false,"template":"","format":"standard","meta":[],"categories":[18],"tags":[],"_links":{"self":[{"href":"https:\/\/www.sakti.nc\/index.php?rest_route=\/wp\/v2\/posts\/455"}],"collection":[{"href":"https:\/\/www.sakti.nc\/index.php?rest_route=\/wp\/v2\/posts"}],"about":[{"href":"https:\/\/www.sakti.nc\/index.php?rest_route=\/wp\/v2\/types\/post"}],"author":[{"embeddable":true,"href":"https:\/\/www.sakti.nc\/index.php?rest_route=\/wp\/v2\/users\/1"}],"replies":[{"embeddable":true,"href":"https:\/\/www.sakti.nc\/index.php?rest_route=%2Fwp%2Fv2%2Fcomments&post=455"}],"version-history":[{"count":1,"href":"https:\/\/www.sakti.nc\/index.php?rest_route=\/wp\/v2\/posts\/455\/revisions"}],"predecessor-version":[{"id":456,"href":"https:\/\/www.sakti.nc\/index.php?rest_route=\/wp\/v2\/posts\/455\/revisions\/456"}],"wp:featuredmedia":[{"embeddable":true,"href":"https:\/\/www.sakti.nc\/index.php?rest_route=\/wp\/v2\/media\/450"}],"wp:attachment":[{"href":"https:\/\/www.sakti.nc\/index.php?rest_route=%2Fwp%2Fv2%2Fmedia&parent=455"}],"wp:term":[{"taxonomy":"category","embeddable":true,"href":"https:\/\/www.sakti.nc\/index.php?rest_route=%2Fwp%2Fv2%2Fcategories&post=455"},{"taxonomy":"post_tag","embeddable":true,"href":"https:\/\/www.sakti.nc\/index.php?rest_route=%2Fwp%2Fv2%2Ftags&post=455"}],"curies":[{"name":"wp","href":"https:\/\/api.w.org\/{rel}","templated":true}]}}