{"id":486,"date":"2020-03-16T02:48:46","date_gmt":"2020-03-16T02:48:46","guid":{"rendered":"https:\/\/sakti.nc\/?p=486"},"modified":"2020-03-16T02:51:39","modified_gmt":"2020-03-16T02:51:39","slug":"prevention-incertitudes","status":"publish","type":"post","link":"https:\/\/www.sakti.nc\/?p=486","title":{"rendered":"Pr\u00e9vention &#038; incertitudes"},"content":{"rendered":"\n<p>J\u2019ai h\u00e9sit\u00e9 sur le th\u00e8me de cet article\u2026 Finalement, je me lance parce que c\u2019est important pour moi, tout simplement. <br>Puisque les temps et les virus qui courent nous invitent \u00e0 revenir aux fondamentaux\u2026 et bien voil\u00e0 des fondamentaux, valeurs et capacit\u00e9s, que je crois applicables aussi bien dans l\u2019entreprise que dans nos vies personnelles.  N\u2019h\u00e9sitez pas \u00e0 me faire savoir ce que vous en aurez pens\u00e9\u00a0?<\/p>\n\n\n\n<p><strong>Responsabilit\u00e9<\/strong><\/p>\n\n\n\n<p>Ce n\u2019est pas\nnouveau, mais de plus en plus il est demand\u00e9 \u00e0 l\u2019entreprise d\u2019\u00eatre responsable.\nResponsable du D\u00e9veloppement des Comp\u00e9tences, responsable de la S\u00e9curit\u00e9 des\nBiens et des Personnes, responsable du D\u00e9veloppement Durable, responsable du\ntraitement des Donn\u00e9es Personnelles qui lui sont confi\u00e9es, \u2026<\/p>\n\n\n\n<p>\u00catre\nresponsable, c\u2019est \u00eatre en capacit\u00e9 de rendre compte et de r\u00e9pondre de ses\nactes ou de ceux des personnes dont nous avons la garde ou la charge.<\/p>\n\n\n\n<p><strong>Lucidit\u00e9 <\/strong><\/p>\n\n\n\n<p>\u00catre\nresponsable demande une grande lucidit\u00e9, une conscience fine des choses et des\ngens. <\/p>\n\n\n\n<p>La lucidit\u00e9,\nc\u2019est cette capacit\u00e9 \u00e0 voir nettement la r\u00e9alit\u00e9, de fa\u00e7on tr\u00e8s concr\u00e8te et\nfactuelle et non pas par le prisme de nos craintes, peurs ou autres filtres\nd\u00e9formants (\u00e9motions, croyances, pr\u00e9jug\u00e9s\u2026). Voir ce qui est positif, voir ce\nqui est pr\u00e9occupant\u2026 savoir faire la diff\u00e9rence et conna\u00eetre \u00e9galement nos\n\u00ab&nbsp;filtres&nbsp;\u00bb, comme admettre que les autres n\u2019ont pas forc\u00e9ment les\nm\u00eames\u2026<\/p>\n\n\n\n<p><strong>Ouverture\n&amp; esprit critique<\/strong><\/p>\n\n\n\n<p>Je pourrais vous parler de tol\u00e9rance et de respect mais je vais choisir de vous orienter tout d\u2019abord vers l\u2019ouverture et l\u2019esprit critique. Parce que pour moi la lucidit\u00e9 s\u2019appuie sur la curiosit\u00e9 de s\u2019ouvrir aux autres et au monde, d\u2019aller chercher de l\u2019information, du feedback pour se forger une opinion. <br>L\u2019esprit critique c\u2019est celui qui ne prendra pas cette information ou ce feedback au \u00ab\u00a0pied de la lettre\u00a0\u00bb mais sera en capacit\u00e9 d\u2019en examiner la valeur logique, l\u2019authenticit\u00e9\u2026 <\/p>\n\n\n\n<p><strong>Pr\u00e9vention du\nrisque<\/strong><\/p>\n\n\n\n<p>Sur ces bases\n(responsabilit\u00e9, lucidit\u00e9, ouverture &amp; esprit critique), une d\u00e9marche de\npr\u00e9vention sera pour moi fond\u00e9e et pertinente.<\/p>\n\n\n\n<p>Parce que la\nresponsabilit\u00e9 cr\u00e9\u00e9e des devoirs et des obligations&nbsp;: le devoir g\u00e9n\u00e9ral de\nne causer aucun dommage intentionnel et parmi les obligations, celles de\nr\u00e9parer les pr\u00e9judices \u00e9ventuellement caus\u00e9s quand m\u00eame\u2026<\/p>\n\n\n\n<p><strong>Incertitudes\n&amp; Equilibre<\/strong><\/p>\n\n\n\n<p>Et c\u2019est cela\nqui est difficile aujourd\u2019hui, par ces temps cycloniques, avec ces virus qui\ncourent. Trouver cet \u00e9quilibre entre le trop et le trop peu. <br>\nD\u00e9clencher l\u2019alerte 1 ou bien l\u2019alerte 2 \u00e0 l\u2019approche d\u2019une d\u00e9pression tropicale&nbsp;?\n<br>\nConfiner une r\u00e9gion ou une nation enti\u00e8re&nbsp;pour sauver des vies ? <br>\nOu bien encore, au niveau personnel, choisir ce job ci ou ce job l\u00e0&nbsp;?<\/p>\n\n\n\n<p>Notre gestion de l\u2019incertitude (ou des incertitudes) s\u2019appuie donc (ou devrait s&rsquo;appuyer ?) sur la reconnaissance des faits et la compilation d\u2019informations utilis\u00e9es pour se forger une opinion \u00e9clair\u00e9e sur une situation, une personne\u2026 et cela en sachant bien que notre d\u00e9cision, quelle qu&rsquo;elle soit, sera critiqu\u00e9e, conspu\u00e9e, honnie.<br> Le sachant, et \u00e9tant pr\u00eat \u00e0 en assumer les cons\u00e9quences : ce qui est toujours plus facile \u00e0 vivre si l\u2019on a fait de son mieux\u2026 et l\u2019on reboucle alors sur la responsabilit\u00e9. <\/p>\n\n\n\n<p><strong>Sens<\/strong><\/p>\n\n\n\n<p>Car c&rsquo;est ainsi que, pour moi, avec un soup\u00e7on de p\u00e9dagogie, une fois forg\u00e9e notre opinion, factuelle et \u00e9quilibr\u00e9e, nous pouvons donner du sens aux choses, aux situations.<\/p>\n\n\n\n<p>Si l\u2019on en reste aux mots et \u00e0 ce qu\u2019ils signifient, <strong>donner du sens<\/strong> (au travail comme en g\u00e9n\u00e9ral) <strong>c\u2019est donner de bonnes raisons \u00e0 chacun d\u2019inscrire son effort personnel dans une perspective collective <\/strong>que l\u2019on a d\u00e9cid\u00e9e pour lui. <\/p>\n\n\n\n<p>J\u2019ai pour ma part trouv\u00e9 du sens aux d\u00e9cisions du moment, qui font tant d\u00e9bat. Je ne dis pas qu\u2019elles me plaisent, mais je me suis document\u00e9e et j\u2019ai compris par exemple, l\u2019urgence de la pr\u00e9vention du COVID-19, la n\u00e9cessaire implication du plus grand nombre. Je prends ma part en relayant ce que je pense \u00eatre de bonnes pratiques, de bonnes id\u00e9es.<\/p>\n\n\n\n<p>N\u2019h\u00e9sitez pas \u00e0 me faire part de vos bons plans \u00e9galement <br>&amp; surtout, prenez soin de vous, de vos familles et de vos entreprises.<\/p>\n","protected":false},"excerpt":{"rendered":"<p>J\u2019ai h\u00e9sit\u00e9 sur le th\u00e8me de cet article\u2026 Finalement, je me lance parce que c\u2019est important pour moi, tout simplement. Puisque les temps et les virus qui courent nous invitent \u00e0 revenir aux fondamentaux\u2026 et bien voil\u00e0 des fondamentaux, valeurs et capacit\u00e9s, que je crois applicables aussi bien dans l\u2019entreprise que dans nos vies personnelles. [&#8230;]\n","protected":false},"author":1,"featured_media":487,"comment_status":"open","ping_status":"open","sticky":false,"template":"","format":"standard","meta":[],"categories":[17],"tags":[],"_links":{"self":[{"href":"https:\/\/www.sakti.nc\/index.php?rest_route=\/wp\/v2\/posts\/486"}],"collection":[{"href":"https:\/\/www.sakti.nc\/index.php?rest_route=\/wp\/v2\/posts"}],"about":[{"href":"https:\/\/www.sakti.nc\/index.php?rest_route=\/wp\/v2\/types\/post"}],"author":[{"embeddable":true,"href":"https:\/\/www.sakti.nc\/index.php?rest_route=\/wp\/v2\/users\/1"}],"replies":[{"embeddable":true,"href":"https:\/\/www.sakti.nc\/index.php?rest_route=%2Fwp%2Fv2%2Fcomments&post=486"}],"version-history":[{"count":2,"href":"https:\/\/www.sakti.nc\/index.php?rest_route=\/wp\/v2\/posts\/486\/revisions"}],"predecessor-version":[{"id":489,"href":"https:\/\/www.sakti.nc\/index.php?rest_route=\/wp\/v2\/posts\/486\/revisions\/489"}],"wp:featuredmedia":[{"embeddable":true,"href":"https:\/\/www.sakti.nc\/index.php?rest_route=\/wp\/v2\/media\/487"}],"wp:attachment":[{"href":"https:\/\/www.sakti.nc\/index.php?rest_route=%2Fwp%2Fv2%2Fmedia&parent=486"}],"wp:term":[{"taxonomy":"category","embeddable":true,"href":"https:\/\/www.sakti.nc\/index.php?rest_route=%2Fwp%2Fv2%2Fcategories&post=486"},{"taxonomy":"post_tag","embeddable":true,"href":"https:\/\/www.sakti.nc\/index.php?rest_route=%2Fwp%2Fv2%2Ftags&post=486"}],"curies":[{"name":"wp","href":"https:\/\/api.w.org\/{rel}","templated":true}]}}