{"id":645,"date":"2022-02-28T09:24:41","date_gmt":"2022-02-28T09:24:41","guid":{"rendered":"https:\/\/www.sakti.nc\/?p=645"},"modified":"2022-02-28T09:55:15","modified_gmt":"2022-02-28T09:55:15","slug":"et-lergonomie-on-en-parle","status":"publish","type":"post","link":"https:\/\/www.sakti.nc\/?p=645","title":{"rendered":"Et l&rsquo;ergonomie, on en parle ?"},"content":{"rendered":"\n<p>En vrai, ce sont mes cervicales qui m\u2019en ont parl\u00e9&nbsp;! <br>J\u2019avoue que, depuis que j\u2019ai investi dans un support pour sur\u00e9lever mon ordinateur portable, je SENS la diff\u00e9rence dans mes \u00e9paules et dans mon cou. Ils me disent MERCI&nbsp;;-p<\/p>\n\n\n\n<p>Mais peut \u00eatre que vous aussi, vous ressentez ce mal de dos en vous disant toujours qu\u2019il va passer\u2026 peut \u00eatre m\u00eame que vous avez des maux de t\u00eate r\u00e9currents ou du mal \u00e0 dormir\u2026 <br>OUI, ces 3 sympt\u00f4mes peuvent tout simplement \u00eatre li\u00e9s \u00e0 une mauvaise posture&nbsp;!<br><em>Nota&nbsp;1 : je ne suis ni m\u00e9decin, ni ost\u00e9opathe, ni ergonome\u2026 Le partage d\u2019aujourd\u2019hui n\u2019est qu\u2019une invitation \u00e0 vous questionner et\/ou \u00e0 essayer de faire quelques petites choses diff\u00e9remment.<\/em><\/p>\n\n\n\n<h2>Une posture neutre, savez-vous ce que c\u2019est&nbsp;?<\/h2>\n\n\n\n<p>La posture neutre c\u2019est la posture correcte. C\u2019est souvent une posture ouverte, qui ne comprime pas les articulations. Elle va donc \u00eatre plus confortable \u00e0 priori. On parle aussi de posture naturelle ou position d\u2019\u00e9quilibre (respectant la courbe naturelle du dos).<\/p>\n\n\n\n<p>Comme nous sommes tous diff\u00e9rents en taille, en poids, en souplesse, cette posture du moindre effort peut varier d\u2019un individu \u00e0 un autre (ce qui explique que le r\u00e9glage de la hauteur d\u2019un si\u00e8ge par exemple est tr\u00e8s personnel).<\/p>\n\n\n\n<h2>Et l\u2019abr\u00e9viation TMS, vous l\u2019avez&nbsp;?<\/h2>\n\n\n\n<p>Les Troubles Musculo Squelettiques peuvent tous nous concerner (cf. d\u00e9pliant <a href=\"https:\/\/www.inrs.fr\/media.html?refINRS=ED%206387\" target=\"_blank\" rel=\"noreferrer noopener\">INRS Ed6387<\/a>)<\/p>\n\n\n\n<p>Dans l\u2019entreprise, la pr\u00e9vention des risques professionnels s\u2019organise autour du \u00ab&nbsp;Document Unique&nbsp;\u00bb (EvRP&nbsp;: Evaluation des Risques Professionnelles) et peut demander un <a rel=\"noreferrer noopener\" href=\"https:\/\/www.ameli.fr\/entreprise\/sante-travail\/risques\/troubles-musculosquelettiques-tms\/demarche-tms-pros\" target=\"_blank\">zoom sur les TMS<\/a>.  <br>Pour ma part, j\u2019en ai reparl\u00e9 ces derniers mois, en accompagnant plusieurs de mes clients dans la mise en place d\u2019un accord sur le t\u00e9l\u00e9travail dans leurs entreprises. Autour de ce th\u00e8me, l\u2019employeur joue son r\u00f4le de pr\u00e9venteur en sensibilisant les t\u00e9l\u00e9travailleurs sur quelques bonnes pratiques\u2026  <\/p>\n\n\n\n<p>C\u2019est une bonne occasion d\u2019en parler \u00e0 l\u2019ensemble des salari\u00e9s, n\u2019est-ce pas&nbsp;?<\/p>\n\n\n\n<figure class=\"wp-block-embed is-type-wp-embed is-provider-ergofrance wp-block-embed-ergofrance\"><div class=\"wp-block-embed__wrapper\">\n<blockquote class=\"wp-embedded-content\" data-secret=\"HzkHvpwuue\"><a href=\"https:\/\/www.ergofrance.com\/teletravail-et-ergonomie\/\">T\u00e9l\u00e9travail et ergonomie : les conseils d\u2019Ergofrance<\/a><\/blockquote><iframe class=\"wp-embedded-content\" sandbox=\"allow-scripts\" security=\"restricted\" style=\"position: absolute; clip: rect(1px, 1px, 1px, 1px);\" title=\"\u00ab\u00a0T\u00e9l\u00e9travail et ergonomie : les conseils d\u2019Ergofrance\u00a0\u00bb &#8212; Ergofrance\" src=\"https:\/\/www.ergofrance.com\/teletravail-et-ergonomie\/embed\/#?secret=HzkHvpwuue\" data-secret=\"HzkHvpwuue\" width=\"600\" height=\"338\" frameborder=\"0\" marginwidth=\"0\" marginheight=\"0\" scrolling=\"no\"><\/iframe>\n<\/div><\/figure>\n\n\n\n<p><em>Nota 2 : le cadre r\u00e9glementaire est pos\u00e9 en NC depuis avril 2021. L\u2019alin\u00e9a 11 de l\u2019article <a rel=\"noreferrer noopener\" href=\"https:\/\/juridoc.gouv.nc\/juridoc\/jdtextes.nsf\/(web-All)\/6F94B7880D9AEA7B4B2586C90079957F\/$File\/Lp%202021-2_du_22-04-2021_ChG.pdf?OpenElement#search=%22t%C3%A9l%C3%A9travail%22\" target=\"_blank\">Lp. 121-9<\/a> ainsi cr\u00e9\u00e9 dans notre Code du Travail demande sp\u00e9cifiquement de discuter des lieux d\u2019exercice du t\u00e9l\u00e9travail et de la conformit\u00e9 des locaux\u2026<\/em><\/p>\n\n\n\n<div class=\"wp-block-group\"><div class=\"wp-block-group__inner-container\">\n<pre class=\"wp-block-preformatted\">Autres ressources&nbsp;: \nTravail de bureau &amp; Ergonomie : vu par le <a rel=\"noreferrer noopener\" href=\"https:\/\/www.cnesst.gouv.qc.ca\/fr\/prevention-securite\/identifier-corriger-risques\/liste-informations-prevention\/travail-bureau-ergonomie\" target=\"_blank\">CNESST canadien<\/a>, ou par l'<a rel=\"noreferrer noopener\" href=\"https:\/\/www.apave.fr\/favoriser-lergonomie-au-travail\" target=\"_blank\">APAVE<\/a>... \nFiche pratique de s\u00e9curit\u00e9 de l\u2019INRS sur <a rel=\"noreferrer noopener\" href=\"https:\/\/www.inrs.fr\/media.html?refINRS=ED%20131\" target=\"_blank\">les postures de travail statiques&nbsp;Ed131<\/a> \n<a rel=\"noreferrer noopener\" href=\"https:\/\/polysleep.ca\/blogs\/bien-etre\/ergonomie-teletravail-5-conseils\" target=\"_blank\">5 conseils<\/a> d'un ost\u00e9opathe :<\/pre>\n\n\n\n<div class=\"wp-block-group\"><div class=\"wp-block-group__inner-container\">\n<blockquote class=\"wp-block-quote\"><p>Equilibrer sa colonne vert\u00e9brale<\/p><p>Ajuster la hauteur de sa chaise<\/p><p>Ajuster la position de l\u2019\u00e9cran<\/p><p>Faire des pauses<\/p><p>S\u00e9parer les espaces (notamment si vous \u00eates en t\u00e9l\u00e9travail&nbsp;: s\u00e9parer l\u2019espace de travail et de repos)<\/p><\/blockquote>\n<\/div><\/div>\n<\/div><\/div>\n\n\n\n<h2>Mes 3 points de vigilance&#8230;<\/h2>\n\n\n\n<p>A titre personnel, je me concentre sur 3 cl\u00e9s pour mon mieux \u00eatre postural&nbsp;:<\/p>\n\n\n\n<ul><li>La recherche d\u2019une posture correcte\u2026 parce que j\u2019aurais plut\u00f4t tendance \u00e0 croiser mes chevilles ou \u00e0 m\u2019avancer sur mon si\u00e8ge en pleine concentration sur un \u00e9norme tableau de chiffres ;-p<\/li><li>La gestion de ma fatigue oculaire\u2026 en adoptant la r\u00e8gle des 3*20&nbsp;: toutes les 20 minutes, fixer pendant 20 secondes un point \u00e0 20 m\u00e8tres devant soi&nbsp;!<\/li><li>Ou encore, mettre du mouvement dans ma vie\u2026 en commen\u00e7ant petit car je ne suis pas sportive\u2026 mais joueuse, OUI\u2026 alors \u00e7a passe pour moi, sous forme d\u2019\u00e9tirements ou de mouvements amusants \u00e0 faire en toutes occasions (je recommande l\u2019appli Wake Out, disponible sur PC &amp; Mac)<\/li><\/ul>\n\n\n\n<p>Et vous, quels axes d&rsquo;am\u00e9lioration choisiriez-vous pour am\u00e9liorer l&rsquo;ergonomie de votre espace de travail ?<\/p>\n","protected":false},"excerpt":{"rendered":"<p>En vrai, ce sont mes cervicales qui m\u2019en ont parl\u00e9&nbsp;! J\u2019avoue que, depuis que j\u2019ai investi dans un support pour sur\u00e9lever mon ordinateur portable, je SENS la diff\u00e9rence dans mes \u00e9paules et dans mon cou. Ils me disent MERCI&nbsp;;-p Mais peut \u00eatre que vous aussi, vous ressentez ce mal de dos en vous disant toujours [&#8230;]\n","protected":false},"author":1,"featured_media":654,"comment_status":"open","ping_status":"open","sticky":false,"template":"","format":"standard","meta":[],"categories":[17],"tags":[93],"_links":{"self":[{"href":"https:\/\/www.sakti.nc\/index.php?rest_route=\/wp\/v2\/posts\/645"}],"collection":[{"href":"https:\/\/www.sakti.nc\/index.php?rest_route=\/wp\/v2\/posts"}],"about":[{"href":"https:\/\/www.sakti.nc\/index.php?rest_route=\/wp\/v2\/types\/post"}],"author":[{"embeddable":true,"href":"https:\/\/www.sakti.nc\/index.php?rest_route=\/wp\/v2\/users\/1"}],"replies":[{"embeddable":true,"href":"https:\/\/www.sakti.nc\/index.php?rest_route=%2Fwp%2Fv2%2Fcomments&post=645"}],"version-history":[{"count":9,"href":"https:\/\/www.sakti.nc\/index.php?rest_route=\/wp\/v2\/posts\/645\/revisions"}],"predecessor-version":[{"id":655,"href":"https:\/\/www.sakti.nc\/index.php?rest_route=\/wp\/v2\/posts\/645\/revisions\/655"}],"wp:featuredmedia":[{"embeddable":true,"href":"https:\/\/www.sakti.nc\/index.php?rest_route=\/wp\/v2\/media\/654"}],"wp:attachment":[{"href":"https:\/\/www.sakti.nc\/index.php?rest_route=%2Fwp%2Fv2%2Fmedia&parent=645"}],"wp:term":[{"taxonomy":"category","embeddable":true,"href":"https:\/\/www.sakti.nc\/index.php?rest_route=%2Fwp%2Fv2%2Fcategories&post=645"},{"taxonomy":"post_tag","embeddable":true,"href":"https:\/\/www.sakti.nc\/index.php?rest_route=%2Fwp%2Fv2%2Ftags&post=645"}],"curies":[{"name":"wp","href":"https:\/\/api.w.org\/{rel}","templated":true}]}}