{"id":721,"date":"2023-04-21T02:20:38","date_gmt":"2023-04-21T02:20:38","guid":{"rendered":"https:\/\/www.sakti.nc\/?p=721"},"modified":"2023-04-21T02:23:41","modified_gmt":"2023-04-21T02:23:41","slug":"la-plateforme-prosud-est-lancee","status":"publish","type":"post","link":"https:\/\/www.sakti.nc\/?p=721","title":{"rendered":"La plateforme PRO&rsquo;SUD est lanc\u00e9e !"},"content":{"rendered":"\n\n\n<p>A l\u2019invitation de la DDET (Direction du D\u00e9veloppement Economique et du Tourisme), nous \u00e9tions une vingtaine de coachs, facilitateurs et formateurs \u00e0 assister ce vendredi matin \u00e0 la pr\u00e9sentation du programme 2023 de ce plan de professionnalisation des chefs d\u2019entreprise TPE (moins de 10 salari\u00e9s) de la Province Sud.<\/p>\n\n\n\n<h2>De quoi s\u2019agit-il&nbsp;?<\/h2>\n\n\n\n<p>Ce programme vise les artisans et commer\u00e7ants en activit\u00e9, avec la volont\u00e9&nbsp;:<\/p>\n\n\n\n<div class=\"wp-block-group\"><div class=\"wp-block-group__inner-container\">\n<ul><li>D\u2019apporter <strong>un soutien aux entrepreneurs des TPE<\/strong> de la Province Sud, pour valoriser leur fonction de chef d\u2019entreprise&nbsp;et les comp\u00e9tences indispensables \u00e0 la p\u00e9rennit\u00e9 de celles-ci ;<\/li><li>A travers un parcours qui se veut novateur dans sa flexibilit\u00e9, avec une offre diversifi\u00e9e&nbsp;:<ul><li><strong>Deux formules d\u2019accompagnement<\/strong>&nbsp;:<ul><li>Coaching&nbsp;: tr\u00e8s cibl\u00e9, selon diff\u00e9rentes th\u00e9matiques, sur un temps court (5h max)<\/li><\/ul><ul><li>ADE \u2013 Accompagnement au D\u00e9veloppement de l\u2019Entreprise&nbsp;: en mode projet, sur un temps plus long (15 \u00e0 20h)<\/li><\/ul><\/li><\/ul><ul><li><strong>Deux options pour la valorisation des comp\u00e9tences<\/strong>&nbsp;:<ul><li>La VAE &#8211; Validation des Acquis et de l&rsquo;Exp\u00e9rience ;<\/li><\/ul><ul><li>La formation au titre professionnel de \u00ab&nbsp;Responsable de Petite &amp; Moyenne Structure&nbsp;\u00bb (RPMS&nbsp;: titre de niveau 5, soit Bac+2, <a rel=\"noreferrer noopener\" href=\"https:\/\/www.francecompetences.fr\/recherche\/rncp\/35646\/\" target=\"_blank\">RNCP 35646<\/a>)<\/li><\/ul><\/li><\/ul><ul><li><strong>Des tutoriels et webinaires<\/strong> \u00e0 venir pour se former et s\u2019informer \u00e0 distance.<\/li><\/ul><\/li><\/ul>\n<\/div><\/div>\n\n\n\n<div class=\"wp-block-media-text alignwide has-media-on-the-right is-stacked-on-mobile\"><figure class=\"wp-block-media-text__media\"><a href=\"https:\/\/www.province-sud.nc\/sites\/default\/files\/flyer_prosud.pdf\"><img loading=\"lazy\" width=\"357\" height=\"253\" src=\"https:\/\/www.sakti.nc\/wp-content\/uploads\/2023\/04\/Image1.png\" alt=\"\" class=\"wp-image-723 size-full\" srcset=\"https:\/\/www.sakti.nc\/wp-content\/uploads\/2023\/04\/Image1.png 357w, https:\/\/www.sakti.nc\/wp-content\/uploads\/2023\/04\/Image1-300x213.png 300w\" sizes=\"(max-width: 357px) 100vw, 357px\" \/><\/a><\/figure><div class=\"wp-block-media-text__content\">\n<ul id=\"block-da7120f4-c6ec-4eeb-95cf-e89dac398384\"><li>Une seule plateforme pour s\u2019inscrire, <br>dans une d\u00e9marche volontaire<br>(avec 80% de prise en charge des co\u00fbts par la Province Sud)<\/li><\/ul>\n<\/div><\/div>\n\n\n\n<h2>Et pourquoi je vous en parle&nbsp;?<\/h2>\n\n\n\n<p>Si vous \u00eates chef-fe d\u2019une entreprise de moins de 10 salari\u00e9s, vous avouerez que l\u2019initiative est all\u00e9chante et m\u00e9rite r\u00e9flexion&nbsp;;-p<br>Quant \u00e0 moi, j\u2019aurais le grand plaisir d\u2019intervenir dans ce programme sur 2 champs, sous l\u2019\u00e9gide de deux chambres consulaires (<a rel=\"noreferrer noopener\" href=\"https:\/\/www.cma.nc\/\" target=\"_blank\">CMA NC<\/a> &amp; <a rel=\"noreferrer noopener\" href=\"https:\/\/www.cci.nc\/\" target=\"_blank\">CCI NC<\/a>)&nbsp;:<\/p>\n\n\n\n<ul><li>L\u2019accompagnement en coaching&nbsp;:<br>-&gt; En gestion \/ comptabilit\u00e9&nbsp;mais \u00e9galement sur les moyens g\u00e9n\u00e9raux, achats, logistique&nbsp;: pour optimiser vos comp\u00e9tences relationnelles et gagner en performance, agilit\u00e9 et comp\u00e9titivit\u00e9&nbsp;;<br>-&gt; En management \/ leadership&nbsp;: pour animer le travail collectif au quotidien et revisiter le socle des comp\u00e9tences essentielles \u00e0 l\u2019action&nbsp;manag\u00e9riale, la motivation, la conduite du changement, la&nbsp;posture du manager, etc&#8230;<\/li><li>La formation, sur 4 des 11 comp\u00e9tences cibl\u00e9es par le titre professionnel de \u00ab&nbsp;Responsable de Petite &amp; Moyenne Structure&nbsp;\u00bb&nbsp;:<br>-&gt; Pour conna\u00eetre les modalit\u00e9s d\u2019inscriptions et les pr\u00e9requis&nbsp;: <a rel=\"noreferrer noopener\" href=\"https:\/\/www.province-sud.nc\/catformweb\/catform\/formation\/formation-%22responsable-de-petite-et-moyenne-structure%22---titre-professionnel-rncp-35646\" target=\"_blank\">CLIQUEZ ICI !<\/a> <\/li><\/ul>\n\n\n\n<p>L\u2019aventure est d\u00e9j\u00e0 riche de rencontres et va me permettre, \u00e0 moi aussi, de d\u00e9velopper mes potentiels et ma cr\u00e9ativit\u00e9&nbsp;! J\u2019en suis ravie et m\u2019y engage avec l\u2019Humain au C\u0153ur&nbsp;!<\/p>\n\n\n\n<p>Alors au plaisir de vous y retrouver bient\u00f4t !<\/p>\n","protected":false},"excerpt":{"rendered":"<p>A l\u2019invitation de la DDET (Direction du D\u00e9veloppement Economique et du Tourisme), nous \u00e9tions une vingtaine de coachs, facilitateurs et formateurs \u00e0 assister ce vendredi matin \u00e0 la pr\u00e9sentation du programme 2023 de ce plan de professionnalisation des chefs d\u2019entreprise TPE (moins de 10 salari\u00e9s) de la Province Sud. De quoi s\u2019agit-il&nbsp;? Ce programme vise [&#8230;]\n","protected":false},"author":1,"featured_media":729,"comment_status":"open","ping_status":"open","sticky":false,"template":"","format":"standard","meta":[],"categories":[20,17,16],"tags":[100,101,99,102,97,98],"_links":{"self":[{"href":"https:\/\/www.sakti.nc\/index.php?rest_route=\/wp\/v2\/posts\/721"}],"collection":[{"href":"https:\/\/www.sakti.nc\/index.php?rest_route=\/wp\/v2\/posts"}],"about":[{"href":"https:\/\/www.sakti.nc\/index.php?rest_route=\/wp\/v2\/types\/post"}],"author":[{"embeddable":true,"href":"https:\/\/www.sakti.nc\/index.php?rest_route=\/wp\/v2\/users\/1"}],"replies":[{"embeddable":true,"href":"https:\/\/www.sakti.nc\/index.php?rest_route=%2Fwp%2Fv2%2Fcomments&post=721"}],"version-history":[{"count":11,"href":"https:\/\/www.sakti.nc\/index.php?rest_route=\/wp\/v2\/posts\/721\/revisions"}],"predecessor-version":[{"id":735,"href":"https:\/\/www.sakti.nc\/index.php?rest_route=\/wp\/v2\/posts\/721\/revisions\/735"}],"wp:featuredmedia":[{"embeddable":true,"href":"https:\/\/www.sakti.nc\/index.php?rest_route=\/wp\/v2\/media\/729"}],"wp:attachment":[{"href":"https:\/\/www.sakti.nc\/index.php?rest_route=%2Fwp%2Fv2%2Fmedia&parent=721"}],"wp:term":[{"taxonomy":"category","embeddable":true,"href":"https:\/\/www.sakti.nc\/index.php?rest_route=%2Fwp%2Fv2%2Fcategories&post=721"},{"taxonomy":"post_tag","embeddable":true,"href":"https:\/\/www.sakti.nc\/index.php?rest_route=%2Fwp%2Fv2%2Ftags&post=721"}],"curies":[{"name":"wp","href":"https:\/\/api.w.org\/{rel}","templated":true}]}}